{"id":3258,"date":"2019-07-11T06:46:53","date_gmt":"2019-07-11T04:46:53","guid":{"rendered":"http:\/\/www.fc-eschach.de\/?p=3258"},"modified":"2019-07-11T06:46:53","modified_gmt":"2019-07-11T04:46:53","slug":"sportfest-2019","status":"publish","type":"post","link":"http:\/\/www.fc-eschach.de\/?p=3258","title":{"rendered":"Sportfest 2019"},"content":{"rendered":"\n<p>Dieses Jahr findet das j\u00e4hrliche Sportfest des 1. FC Eschach von <strong>Freitag 19. Juli bis Sonntag 21. Juli 2019<\/strong> statt. Traditionell wird dieses Sportwochenende mit dem\u00a0 <strong>AH-Turnier am Freitag ab 17.30 Uhr er\u00f6ffnet<\/strong>. Dieses Turnier ist seit \u00fcber 10 Jahren eines der gr\u00f6\u00dften\u00a0 AH-Turniere im Ostalbkreis. Um den ber\u00fchmten Wanderpokal werden dieses Jahr wieder viele Mannschaften spielen. Letztes Jahr gewann der SF Lorch das Turnier. Nach dem Turnier begeistert DJ Ralf mit Rock- und Popmusik das Festzelt.<\/p>\n<p>Die diesj\u00e4hrigen Jugendturniere werden im Rahmen des 6. Jumpmax-Cup ausgetragen.<br \/>Am Samstag spielen ab 13.00 Uhr mit dem D1-und D2-Junioren, C-Junioren und Frauenmannschaften die ersten 28 Mannschaften um die begehrten Wanderpokale.<\/p>\n<p>\u00dcber das gesamte Wochenende finden 9 Jugendturniere mit \u00fcber 100 Jugendmannschaften statt. Seit Jahren sind die Jugendturniere des 1. FC Eschach bei den Jugendmannschaften im Ostalbkreis sehr beliebt. Auch dieses Jahr wird den Kindern wieder ein <strong>attraktives Rahmenprogramm mit Torwandschie\u00dfen (Hauptpreis ein Jumpmax Trampolin), neuer Soccercourt, Trampolin, gro\u00dfe H\u00fcpfburg und dem Kletterturm am Sonntag<\/strong> \u00a0geboten.<\/p>\n<p>Dieses Jahr findet zum dritten Mal das <strong>Eschacher Elfmeterturnier<\/strong> statt. Dazu ist die gesamte Gemeinde eingeladen, ob mit Freunden, in Vereinen, mit Nachbarn, in Firmen, Hobbykickern oder der Familie, kann man mit 5 Spielern teilnehmen. <strong>Beginn ist um 17.00 Uhr<\/strong>.<\/p>\n<p>Am Sonntag er\u00f6ffnet um 9.00 Uhr das E1-und E2-Jugendturnier die sportlichen Aktivit\u00e4ten des Tages. Nat\u00fcrlich darf an diesem Sportfest auch das Bambini- und Superbambiniturnier nicht fehlen. Dieses ist f\u00fcr Sonntag ab 13:15 Uhr angesetzt.<\/p>\n<p>Auch unsere Volleyballer m\u00f6chten wieder ihr beliebtes <strong>Beachvolleyball-Turnier im Rahmen des Sportfestes austragen. Spielbeginn ist 11:00 Uhr<\/strong>.<\/p>\n<p>F\u00fcr die kleinen Sportler ist am Sonntag ab <strong>14:00 Uhr in der Gemeindehalle ein Kinderparcours<\/strong>.<\/p>\n<p>Als letzte Jugendturniere des diesj\u00e4hrigen Sportfestes wird um 13.45 Uhr das F1- und F2- Jugendturnier angepfiffen.<\/p>\n<p>Als H\u00f6hepunkt des Sonntagnachmittags kommt um <strong>15.30 Uhr das VfB-Maskottchen zur Autogrammstunde.<\/strong><\/p>\n<p>Des Weiteren m\u00f6chten <strong>unsere Tanzm\u00e4use gegen 17.30 Uhr<\/strong> ihre T\u00e4nze vorf\u00fchren.<\/p>\n<p>Zum Abschluss des Sportfests spielt am Sonntagabend um <strong>18:00 Uhr die 1. Mannschaft des 1.FC Eschach gegen die Mannschaft des SV Pfahlbronn<\/strong>.<br \/>An allen Tagen ist f\u00fcr das leibliche Wohl mit W\u00fcrstchen, Pommes, Schnitzelburgern und \u00a0Kaffee und Kuchen bestens gesorgt. Am Sonntag gibt es zus\u00e4tzlich noch einen Mittagstisch mit gemischtem Schweinebraten und Salatteller.<\/p>\n<p>\u00a0<\/p>\n<p>Auf einen Besuch freut sich der 1.FC Eschach<\/p>\n<p>\u00a0<\/p>\n<p><a href=\"http:\/\/www.fc-eschach.de\/wp-content\/uploads\/2019\/07\/2019_Sportfest_Plakat.jpg\" target=\"_blank\" rel=\"noopener noreferrer\"><img loading=\"lazy\" decoding=\"async\" class=\"alignleft wp-image-3249 size-medium\" src=\"http:\/\/www.fc-eschach.de\/wp-content\/uploads\/2019\/07\/2019_Sportfest_Plakat-213x300.jpg\" alt=\"\" width=\"213\" height=\"300\" srcset=\"http:\/\/www.fc-eschach.de\/wp-content\/uploads\/2019\/07\/2019_Sportfest_Plakat-213x300.jpg 213w, http:\/\/www.fc-eschach.de\/wp-content\/uploads\/2019\/07\/2019_Sportfest_Plakat-426x600.jpg 426w, http:\/\/www.fc-eschach.de\/wp-content\/uploads\/2019\/07\/2019_Sportfest_Plakat.jpg 720w\" sizes=\"auto, (max-width: 213px) 100vw, 213px\" \/><\/a> <a href=\"http:\/\/www.fc-eschach.de\/wp-content\/uploads\/2019\/07\/2019_Sportfest_Elfmeterturnier_Flyer.jpg\" target=\"_blank\" rel=\"noopener noreferrer\"><img loading=\"lazy\" decoding=\"async\" class=\"aligncenter wp-image-3248 size-medium\" src=\"http:\/\/www.fc-eschach.de\/wp-content\/uploads\/2019\/07\/2019_Sportfest_Elfmeterturnier_Flyer-208x300.jpg\" alt=\"\" width=\"208\" height=\"300\" srcset=\"http:\/\/www.fc-eschach.de\/wp-content\/uploads\/2019\/07\/2019_Sportfest_Elfmeterturnier_Flyer-208x300.jpg 208w, http:\/\/www.fc-eschach.de\/wp-content\/uploads\/2019\/07\/2019_Sportfest_Elfmeterturnier_Flyer-415x600.jpg 415w, http:\/\/www.fc-eschach.de\/wp-content\/uploads\/2019\/07\/2019_Sportfest_Elfmeterturnier_Flyer.jpg 677w\" sizes=\"auto, (max-width: 208px) 100vw, 208px\" \/><\/a><\/p>\n","protected":false},"excerpt":{"rendered":"<p>Dieses Jahr findet das j\u00e4hrliche Sportfest des 1. FC Eschach von Freitag 19. Juli bis Sonntag 21. Juli 2019 statt. Traditionell wird dieses Sportwochenende mit dem\u00a0 AH-Turnier am Freitag ab &hellip; <a href=\"http:\/\/www.fc-eschach.de\/?p=3258\" class=\"more-link\"><span class=\"screen-reader-text\">Sportfest 2019<\/span> weiterlesen <span class=\"meta-nav\">&rarr;<\/span><\/a><\/p>\n","protected":false},"author":2,"featured_media":0,"comment_status":"closed","ping_status":"closed","sticky":false,"template":"","format":"standard","meta":{"footnotes":""},"categories":[1],"tags":[],"class_list":["post-3258","post","type-post","status-publish","format-standard","hentry","category-allgemeines"],"_links":{"self":[{"href":"http:\/\/www.fc-eschach.de\/index.php?rest_route=\/wp\/v2\/posts\/3258","targetHints":{"allow":["GET"]}}],"collection":[{"href":"http:\/\/www.fc-eschach.de\/index.php?rest_route=\/wp\/v2\/posts"}],"about":[{"href":"http:\/\/www.fc-eschach.de\/index.php?rest_route=\/wp\/v2\/types\/post"}],"author":[{"embeddable":true,"href":"http:\/\/www.fc-eschach.de\/index.php?rest_route=\/wp\/v2\/users\/2"}],"replies":[{"embeddable":true,"href":"http:\/\/www.fc-eschach.de\/index.php?rest_route=%2Fwp%2Fv2%2Fcomments&post=3258"}],"version-history":[{"count":1,"href":"http:\/\/www.fc-eschach.de\/index.php?rest_route=\/wp\/v2\/posts\/3258\/revisions"}],"predecessor-version":[{"id":3259,"href":"http:\/\/www.fc-eschach.de\/index.php?rest_route=\/wp\/v2\/posts\/3258\/revisions\/3259"}],"wp:attachment":[{"href":"http:\/\/www.fc-eschach.de\/index.php?rest_route=%2Fwp%2Fv2%2Fmedia&parent=3258"}],"wp:term":[{"taxonomy":"category","embeddable":true,"href":"http:\/\/www.fc-eschach.de\/index.php?rest_route=%2Fwp%2Fv2%2Fcategories&post=3258"},{"taxonomy":"post_tag","embeddable":true,"href":"http:\/\/www.fc-eschach.de\/index.php?rest_route=%2Fwp%2Fv2%2Ftags&post=3258"}],"curies":[{"name":"wp","href":"https:\/\/api.w.org\/{rel}","templated":true}]}}